{"id":200601,"date":"2025-11-04T13:51:51","date_gmt":"2025-11-04T11:51:51","guid":{"rendered":"https:\/\/bagfactory.eu\/?p=200601"},"modified":"2025-12-30T00:36:41","modified_gmt":"2025-12-29T22:36:41","slug":"bagfactory-direktorius-jonas-elvikis-esame-labai-dinamiska-organizacija","status":"publish","type":"post","link":"https:\/\/bagfactory.eu\/lt\/bagfactory-direktorius-jonas-elvikis-esame-labai-dinamiska-organizacija\/","title":{"rendered":"\u201eBagfactory\u201c direktorius Jonas Elvikis: \u201eEsame labai dinami\u0161ka organizacija\u201c"},"content":{"rendered":"\n<p><strong>Pa\u017eintis su direktoriumi Jonu Elvikiu: ko i\u0161mok\u0117 profesionalus sportas ir kuo \u201eBagfactory\u201c skiriasi nuo kit\u0173 \u012fmoni\u0173?<\/strong><\/p>\n\n\n\n<p><strong>\u201eSportas man pad\u0117jo suformuoti mentalitet\u0105, kuris dabar labai naudingas versle: niekada nepasiduoti, nuolat ie\u0161koti, kaip galima padaryti geriau bei suprasti, kad net ir kiekviena nes\u0117km\u0117 yra galimyb\u0117 augti\u201c, \u2013 teigia \u201eBagfactory\u201c direktorius Jonas Elvikis. Tokios \u012fmon\u0117s direktoriaus mintys paremtos tvirtu pagrindu, mat J. Elvikis turi ne tik solid\u017eios patirties dirbant skirtinguose versluose, bet ir daugiau nei de\u0161imtmet\u012f patirties \u017eaid\u017eiant profesional\u0173 krep\u0161in\u012f.<\/strong><\/p>\n\n\n\n<p>O kaip J. Elvikis jau\u010diasi dirbdamas \u201eBagfactory\u201c? Kokie pirmieji \u012fsp\u016bd\u017eiai buvo jam prisijungus prie \u012fmon\u0117s? K\u0105 i\u0161skirtinio direktorius \u010dia mato bei kaip, jo nuomone, \u201eBagfactory\u201c atrodys netolimoje ateityje?<\/p>\n\n\n\n<p>Apie visa tai \u2013 trumpame interviu su \u201eBagfactory\u201c direktoriumi.<\/p>\n\n\n\n<div class=\"wp-block-columns gap-24 flex-align-center is-layout-flex wp-container-core-columns-is-layout-9d6595d7 wp-block-columns-is-layout-flex\">\n<div class=\"wp-block-column is-layout-flow wp-block-column-is-layout-flow\">\n<p><strong>Koks buvo J\u016bs\u0173 pirmasis \u012fsp\u016bdis prad\u0117jus dirbti \u201eBagfactory\u201c? K\u0105 buvote anks\u010diau gird\u0117j\u0119s apie \u012fmon\u0119?<\/strong><\/p>\n\n\n\n<p>Pirmasis \u012fsp\u016bdis buvo labai pozityvus \u2013 prisijung\u0119s prie \u201eBagfactory\u201c i\u0161kart pajutau didel\u0119 energij\u0105, \u012fmon\u0117s kolektyvo darb\u0161tum\u0105 ir motyvacij\u0105 bei tai, kiek svarbu \u012fmonei siekti auk\u0161\u010diausi\u0173 tiksl\u0173.<\/p>\n\n\n\n<p>Dar prie\u0161 prisijungdamas puikiai \u017einojau, kad \u201eBagfactory\u201c yra did\u017eiausia Baltijos \u0161alyse ekologi\u0161k\u0173 neaustin\u0117s med\u017eiagos ir popierini\u0173 mai\u0161eli\u0173 gamintoja, gavusi ne vien\u0105 tarptautin\u012f pripa\u017einim\u0105, bendradarbiaujanti su tokiais gerai \u017einomais pasauliniais prekybos tinklais kaip \u201eLidl\u201c, \u201eAldi\u201c, \u201eNetto\u201c. Na bet bene svarbiausia tai, kad \u017einojau, jog \u201eBagfactory\u201c \u2013 viena i\u0161 nedaugelio Lietuvos \u012fmoni\u0173, kuri ekologij\u0105 taiko ne kaip marketingo priemon\u0119, o kaip real\u0173 veiklos princip\u0105. Tai mane netgi motyvavo \u2013 tik dar labiau nor\u0117jau b\u016bti komandos, kuri m\u0105sto atsakingai ir inovatyviai, dalimi.<\/p>\n<\/div>\n\n\n\n<div class=\"wp-block-column is-layout-flow wp-block-column-is-layout-flow\">\n<figure class=\"wp-block-image size-large is-resized\"><a href=\"https:\/\/bagfactory.eu\/wp-content\/uploads\/2025\/11\/Jonas_2.jpg\"><img fetchpriority=\"high\" decoding=\"async\" width=\"683\" height=\"1024\" src=\"https:\/\/bagfactory.eu\/wp-content\/uploads\/2025\/11\/Jonas_2-683x1024.jpg\" alt=\"bag producer\" class=\"wp-image-200604\" style=\"width:355px;height:auto\" srcset=\"https:\/\/bagfactory.eu\/wp-content\/uploads\/2025\/11\/Jonas_2-683x1024.jpg 683w, https:\/\/bagfactory.eu\/wp-content\/uploads\/2025\/11\/Jonas_2-200x300.jpg 200w, https:\/\/bagfactory.eu\/wp-content\/uploads\/2025\/11\/Jonas_2-768x1152.jpg 768w, https:\/\/bagfactory.eu\/wp-content\/uploads\/2025\/11\/Jonas_2-1024x1536.jpg 1024w, https:\/\/bagfactory.eu\/wp-content\/uploads\/2025\/11\/Jonas_2-433x650.jpg 433w, https:\/\/bagfactory.eu\/wp-content\/uploads\/2025\/11\/Jonas_2.jpg 1365w\" sizes=\"(max-width: 683px) 100vw, 683px\" \/><\/a><\/figure>\n<\/div>\n<\/div>\n\n\n\n<p><strong>Papasakokite pla\u010diau apie savo darbin\u0119 patirt\u012f. Kur anks\u010diau teko kaupti \u017einias bei \u012fg\u016bd\u017eius?<\/strong><\/p>\n\n\n\n<p>Prie\u0161 prisijungdamas prie \u201eBagfactory\u201c, daugiau nei de\u0161imtmet\u012f kaupiau vadybin\u0119 patirt\u012f dirbdamas \u012fvairiose gamybos ir pramon\u0117s \u012fmon\u0117se pardavim\u0173, eksporto bei verslo pl\u0117tros srityse. Per \u0161\u012f laik\u0105 teko ne tik aktyviai dirbti su pardavimais ir marketingu, bet ir kurti strateginius planus \u012fmoni\u0173 augimui.<\/p>\n\n\n\n<p>Vadovavau pardavim\u0173 skyriui vienoje did\u017eiausi\u0173 polietileno pl\u0117veli\u0173 gamintoj\u0173 Baltijos \u0161alyse, kur buvo svarbu u\u017etikrinti ne tik finansinius rezultatus, bet ir diegti tvaresnius sprendimus gamyboje. \u0160ios patirtys suteik\u0117 man plat\u0173 supratim\u0105 apie gamybos proces\u0173 valdym\u0105, komandos motyvavim\u0105 ir ilgalaik\u0117s verslo vert\u0117s k\u016brim\u0105.<\/p>\n\n\n\n<p><strong>\u201eBagfactory\u201c pozicionuojasi kaip ekologi\u0161ka \u012fmon\u0117. Koks j\u016bs\u0173 santykis su tvarumu?<\/strong><\/p>\n\n\n\n<p>Tvarumas man n\u0117ra tik verslo kryptis \u2013 tai ir asmenin\u0117 vertyb\u0117. Laikausi po\u017ei\u016brio, kad labai svarbu, kok\u012f pasaul\u012f paliksime ateities kartoms, tod\u0117l tikiu, kad tiek verslas turi imtis lyderyst\u0117s ir rodyti pavyzd\u012f tvarumo srityje, tiek visi \u0161alies gyventojai kiek \u012fmanoma privalo r\u016bpintis tvarumu.<\/p>\n\n\n\n<p>D\u017eiaugiuosi, kad \u201eBagfactory\u201c filosofija labai artima mano asmeniniams \u012fsitikinimams \u2013 mes ne tik kalbame apie tvarum\u0105, mes realiai diegiame sprendimus, ma\u017einan\u010dius tar\u0161\u0105, skatinan\u010dius perdirbim\u0105 ir atsaking\u0105 vartojim\u0105.<\/p>\n\n\n\n<p><strong>Kuo darbas \u201eBagfactory\u201c skiriasi nuo kit\u0173 \u012fmoni\u0173?<\/strong><\/p>\n\n\n\n<p>\u201eBagfactory\u201c yra labai dinami\u0161ka organizacija \u2013 \u010dia mes niekada nesustojame vietoje. Nuolat eksperimentuojame, ie\u0161kome efektyvesni\u0173 ir ekologi\u0161kesni\u0173 gamybos b\u016bd\u0173. Skirtingai nei tradicin\u0117se gamybos \u012fmon\u0117se, \u010dia tvarumas n\u0117ra papildoma funkcija \u2013 tai visos verslo strategijos pagrindas. Be to, \u201eBagfactory\u201c dirbantys darbuotojai \u012f darb\u0105 kasdien ateina ne tik atlikti kasdieni\u0173 u\u017eduo\u010di\u0173, bet ir kurti pokyt\u012f.\u00a0 Jie visi \u017eino, kad prisideda prie ekologi\u0161kesn\u0117s, tvaresn\u0117s ateities. Jau\u010diasi did\u017eiulis \u012fsitraukimas \u2013 visi supranta, kod\u0117l mes tai darome.<\/p>\n\n\n\n<p><strong>Papasakokite apie savo kasdien\u012f gyvenim\u0105 ir hobius u\u017e darboviet\u0117s rib\u0173.<\/strong><\/p>\n\n\n\n<p>Didel\u0119 savo gyvenimo dal\u012f \u2013 daugiau nei de\u0161imt\u012f met\u0173, praleidau profesionaliame krep\u0161inyje, tad nat\u016bralu, kad sportas bei aktyvus gyvenimo b\u016bdas man iki \u0161iol yra labai svarbi, kasdienyb\u0117s dalis. B\u016btent su aktyvia veikla ir susij\u0119s mano laisvalaikis \u2013 m\u0117gstu reguliariai sportuoti ir toliau r\u016bpinuosi fizine forma. Laisvalaikiu propaguojamas aktyvumas ir jud\u0117jimas padeda pravalyti mintis, apr\u016bpina papildoma energija darbui.<\/p>\n\n\n\n<p>Be to, laisvalaikiu stengiuosi daug laiko skirti \u0161eimai \u2013 manau, kad labai svarbu i\u0161laikyti balans\u0105 tarp profesini\u0173 tiksl\u0173 ir asmenini\u0173 santyki\u0173. Laikas su artimaisiais man suteikia daug vidin\u0117s motyvacijos ir primena, d\u0117l ko verta stengtis.<\/p>\n\n\n\n<p><strong>O ar ilgamet\u0119 patirt\u012f sporte galima pritaikyti ir darbuose?<\/strong><\/p>\n\n\n\n<p>Be abejon\u0117s. Ilgamet\u0117 patirtis profesionaliame sporte mane i\u0161mok\u0117 ne tik disciplinos, bet ir geb\u0117jimo siekti rezultato nepaisant aplinkybi\u0173. Sportas formuoja mentalitet\u0105: niekada nepasiduoti, nuolat ie\u0161koti, kaip galima padaryti geriau ir suprasti, kad kiekviena nes\u0117km\u0117 yra galimyb\u0117 augti. Komandos valdymas, strateginis m\u0105stymas, atsparumas stresui \u2013 tai \u012fg\u016bd\u017eiai, kuriuos pasi\u0117miau i\u0161 sporto aik\u0161tel\u0117s bei kuriuos dabar pritaikau verslo aplinkoje.<\/p>\n\n\n\n<p><strong>Kur matote \u201eBagfactory\u201c per artimiausius 3-5 metus?<\/strong><\/p>\n\n\n\n<p>Nor\u0117\u010diau, kad per artimiausius 3\u20135 metus \u201eBagfactory\u201c atlikt\u0173 didel\u012f kokybin\u012f ir kiekybin\u012f \u0161uol\u012f. Nuo didesni\u0173 gamybos paj\u0117gum\u0173 ir technologini\u0173 inovacij\u0173 iki dar didesnio tarptautinio \u017einomumo bei pripa\u017einimo. Viliuosi, kad \u012fmon\u0117 augs ne tik verslo rodikliais, bet ir kaip organizacija, kurioje \u017emon\u0117s nori dirbti. Tikiu, kad per artimiausius metus pavyks dar labiau sustiprinti komandin\u0119 kult\u016br\u0105, pritraukti motyvuotus talentus, sukurti toki\u0105 aplink\u0105, kurioje darbuotojai did\u017eiuosis savo ind\u0117liu \u012f tvari\u0105 ateit\u012f.<br><\/p>\n","protected":false},"excerpt":{"rendered":"<p>Pa\u017eintis su direktoriumi Jonu Elvikiu: ko i\u0161mok\u0117 profesionalus sportas ir kuo \u201eBagfactory\u201c skiriasi nuo kit\u0173 \u012fmoni\u0173? \u201eSportas man pad\u0117jo suformuoti mentalitet\u0105, kuris [&hellip;]<\/p>\n","protected":false},"author":17,"featured_media":200359,"comment_status":"closed","ping_status":"closed","sticky":false,"template":"","format":"standard","meta":{"_acf_changed":false,"footnotes":""},"categories":[6],"tags":[],"class_list":["post-200601","post","type-post","status-publish","format-standard","has-post-thumbnail","hentry","category-uncategorized-lt"],"acf":[],"_links":{"self":[{"href":"https:\/\/bagfactory.eu\/lt\/wp-json\/wp\/v2\/posts\/200601","targetHints":{"allow":["GET"]}}],"collection":[{"href":"https:\/\/bagfactory.eu\/lt\/wp-json\/wp\/v2\/posts"}],"about":[{"href":"https:\/\/bagfactory.eu\/lt\/wp-json\/wp\/v2\/types\/post"}],"author":[{"embeddable":true,"href":"https:\/\/bagfactory.eu\/lt\/wp-json\/wp\/v2\/users\/17"}],"replies":[{"embeddable":true,"href":"https:\/\/bagfactory.eu\/lt\/wp-json\/wp\/v2\/comments?post=200601"}],"version-history":[{"count":10,"href":"https:\/\/bagfactory.eu\/lt\/wp-json\/wp\/v2\/posts\/200601\/revisions"}],"predecessor-version":[{"id":233563,"href":"https:\/\/bagfactory.eu\/lt\/wp-json\/wp\/v2\/posts\/200601\/revisions\/233563"}],"wp:featuredmedia":[{"embeddable":true,"href":"https:\/\/bagfactory.eu\/lt\/wp-json\/wp\/v2\/media\/200359"}],"wp:attachment":[{"href":"https:\/\/bagfactory.eu\/lt\/wp-json\/wp\/v2\/media?parent=200601"}],"wp:term":[{"taxonomy":"category","embeddable":true,"href":"https:\/\/bagfactory.eu\/lt\/wp-json\/wp\/v2\/categories?post=200601"},{"taxonomy":"post_tag","embeddable":true,"href":"https:\/\/bagfactory.eu\/lt\/wp-json\/wp\/v2\/tags?post=200601"}],"curies":[{"name":"wp","href":"https:\/\/api.w.org\/{rel}","templated":true}]}}