{"id":233240,"date":"2025-04-24T20:31:51","date_gmt":"2025-04-24T18:31:51","guid":{"rendered":"https:\/\/bagfactory.eu\/why-your-shoppers-want-a-bag-thats-both-lightweight-and-sustainable\/"},"modified":"2025-12-17T22:48:17","modified_gmt":"2025-12-17T20:48:17","slug":"why-your-shoppers-want-a-bag-thats-both-lightweight-and-sustainable","status":"publish","type":"post","link":"https:\/\/bagfactory.eu\/pl\/why-your-shoppers-want-a-bag-thats-both-lightweight-and-sustainable\/","title":{"rendered":"Why your shoppers want a bag that\u2019s both lightweight and sustainable"},"content":{"rendered":"\n<p>Dzisiejsi klienci szukaj\u0105 toreb, kt\u00f3re s\u0105 nie tylko \u0142atwe do noszenia, ale tak\u017ce przyjazne dla \u015brodowiska. Lekka torba zmniejsza emisj\u0119 spalin zwi\u0105zanych z transportem, co sprawia, \u017ce od samego pocz\u0105tku jest to wyb\u00f3r bardziej zr\u00f3wnowa\u017cony.<br\/><br\/>Jednocze\u015bnie klienci chc\u0105 toreb, kt\u00f3re s\u0105 trwa\u0142e. Potrzebuj\u0105 czego\u015b wystarczaj\u0105co wytrzyma\u0142ego, aby przenosi\u0107 ci\u0119\u017ckie przedmioty, a jednocze\u015bnie \u0142atwego do ponownego u\u017cycia. Torba, kt\u00f3r\u0105 mo\u017cna pra\u0107 i u\u017cywa\u0107 ponownie ma praktyczn\u0105 warto\u015b\u0107.<br\/><br\/> Poprawisz jako\u015b\u0107 obs\u0142ugi klienta dzi\u0119ki torbie, z kt\u00f3rej klienci b\u0119d\u0105 korzysta\u0107 przez d\u0142ugi czas.<\/p>\n\n<figure class=\"wp-block-embed is-type-video is-provider-youtube wp-block-embed-youtube wp-embed-aspect-16-9 wp-has-aspect-ratio\"><div class=\"wp-block-embed__wrapper\">\n<iframe title=\"Lower Transport Costs with Recycled Bags\" width=\"563\" height=\"1000\" src=\"https:\/\/www.youtube.com\/embed\/AIEhhkORX8w?feature=oembed\" frameborder=\"0\" allow=\"accelerometer; autoplay; clipboard-write; encrypted-media; gyroscope; picture-in-picture; web-share\" referrerpolicy=\"strict-origin-when-cross-origin\" allowfullscreen><\/iframe>\n<\/div><\/figure>\n","protected":false},"excerpt":{"rendered":"<p>Dzisiejsi klienci szukaj\u0105 toreb, kt\u00f3re s\u0105 nie tylko \u0142atwe do noszenia, ale tak\u017ce przyjazne dla \u015brodowiska. Lekka torba zmniejsza emisj\u0119 spalin zwi\u0105zanych [&hellip;]<\/p>\n","protected":false},"author":4,"featured_media":233241,"comment_status":"closed","ping_status":"open","sticky":false,"template":"","format":"standard","meta":{"_acf_changed":false,"footnotes":""},"categories":[24],"tags":[],"class_list":["post-233240","post","type-post","status-publish","format-standard","has-post-thumbnail","hentry","category-unkategorisiert"],"acf":[],"_links":{"self":[{"href":"https:\/\/bagfactory.eu\/pl\/wp-json\/wp\/v2\/posts\/233240","targetHints":{"allow":["GET"]}}],"collection":[{"href":"https:\/\/bagfactory.eu\/pl\/wp-json\/wp\/v2\/posts"}],"about":[{"href":"https:\/\/bagfactory.eu\/pl\/wp-json\/wp\/v2\/types\/post"}],"author":[{"embeddable":true,"href":"https:\/\/bagfactory.eu\/pl\/wp-json\/wp\/v2\/users\/4"}],"replies":[{"embeddable":true,"href":"https:\/\/bagfactory.eu\/pl\/wp-json\/wp\/v2\/comments?post=233240"}],"version-history":[{"count":1,"href":"https:\/\/bagfactory.eu\/pl\/wp-json\/wp\/v2\/posts\/233240\/revisions"}],"predecessor-version":[{"id":233242,"href":"https:\/\/bagfactory.eu\/pl\/wp-json\/wp\/v2\/posts\/233240\/revisions\/233242"}],"wp:featuredmedia":[{"embeddable":true,"href":"https:\/\/bagfactory.eu\/pl\/wp-json\/wp\/v2\/media\/233241"}],"wp:attachment":[{"href":"https:\/\/bagfactory.eu\/pl\/wp-json\/wp\/v2\/media?parent=233240"}],"wp:term":[{"taxonomy":"category","embeddable":true,"href":"https:\/\/bagfactory.eu\/pl\/wp-json\/wp\/v2\/categories?post=233240"},{"taxonomy":"post_tag","embeddable":true,"href":"https:\/\/bagfactory.eu\/pl\/wp-json\/wp\/v2\/tags?post=233240"}],"curies":[{"name":"wp","href":"https:\/\/api.w.org\/{rel}","templated":true}]}}